{"id":5905,"date":"2020-05-29T13:06:35","date_gmt":"2020-05-29T13:06:35","guid":{"rendered":"https:\/\/coolcompany.com\/se\/?post_type=blog&#038;p=5905"},"modified":"2024-04-16T13:27:10","modified_gmt":"2024-04-16T13:27:10","slug":"ar-2020-maste-definitivt-raknas","status":"publish","type":"blog","link":"https:\/\/coolcompany.com\/se\/blog\/ar-2020-maste-definitivt-raknas\/","title":{"rendered":"\u00c5r 2020 m\u00e5ste definitivt r\u00e4knas"},"content":{"rendered":"\n<section class=\"wp-block-coolcompany-section has-light-primary-background-color has-background has-light-primary-background-color has-background\">\n<div class=\"wp-block-columns are-vertically-aligned-center is-style-left-image is-layout-flex wp-container-core-columns-is-layout-9d6595d7 wp-block-columns-is-layout-flex\">\n<div class=\"wp-block-column is-vertically-aligned-center is-layout-flow wp-block-column-is-layout-flow\">\n<figure class=\"wp-block-image size-full\"><img decoding=\"async\" src=\"https:\/\/coolcompany.com\/se\/wp-content\/uploads\/sites\/2\/2022\/02\/frilansare-filmkamera.png\" alt=\"\" class=\"wp-image-9723\" srcset=\"https:\/\/coolcompany.com\/se\/wp-content\/uploads\/sites\/2\/2022\/02\/frilansare-filmkamera.png 623w, https:\/\/coolcompany.com\/se\/wp-content\/uploads\/sites\/2\/2022\/02\/frilansare-filmkamera-300x277.png 300w, https:\/\/coolcompany.com\/se\/wp-content\/uploads\/sites\/2\/2022\/02\/frilansare-filmkamera-480x443.png 480w\" sizes=\"(max-width: 623px) 100vw, 623px\" \/><\/figure>\n<\/div>\n\n\n\n<div class=\"wp-block-column is-vertically-aligned-center is-layout-flow wp-block-column-is-layout-flow\"><div class=\"breadcrumbs align  wp-block-bcn-breadcrumb-trail has-text-color has-background\" vocab=\"https:\/\/schema.org\/\" typeof=\"BreadcrumbList\">\n\t<span><\/span>\n\t<\/div>\n\n\n\n<h1 class=\"wp-block-heading\" id=\"h-ar-2020-maste-definitivt-raknas\">\u00c5r 2020 m\u00e5ste definitivt r\u00e4knas<\/h1>\n<\/div>\n<\/div>\n<\/section>\n\n\n\n<div class=\"wp-block-coolcompany-separator is-style-default has-light-primary-background-color has-background has-light-primary-background-color has-background\"><svg width=\"100%\" viewBox=\"0 0 1600 60\" fill=\"none\" xmlns=\"https:\/\/www.w3.org\/2000\/svg\" aria-hidden=\"true\"><path fill=\"#ffffff\" d=\"M0 0L29.6667 1.75612C59.5 3.36587 118.833 6.87807 178 12C237.167 17.122 296.167 23.8537 355.333 22.6829C414.5 21.5122 473.833 12.1464 533.333 9.07319C592.833 5.85368 652.167 8.78051 711.333 11.2683C770.5 13.6098 829.5 15.6585 888.667 18.7317C947.833 21.9512 1007.17 26.3415 1066.67 27.8049C1126.17 29.2683 1185.5 27.8049 1244.67 23.7073C1303.83 19.4634 1362.83 12.7317 1422 8.34148C1481.17 3.95124 1540.5 1.90246 1570.33 1.02441L1600 0V60H1570.33C1540.5 60 1481.17 60 1422 60C1362.83 60 1303.83 60 1244.67 60C1185.5 60 1126.17 60 1066.67 60C1007.17 60 947.833 60 888.667 60C829.5 60 770.5 60 711.333 60C652.167 60 592.833 60 533.333 60C473.833 60 414.5 60 355.333 60C296.167 60 237.167 60 178 60C118.833 60 59.5 60 29.6667 60H0V0Z\"><\/path><\/svg><\/div>\n\n\n\n<section class=\"wp-block-coolcompany-section\">\n<div class=\"wp-block-columns is-style-columns2 is-layout-flex wp-container-core-columns-is-layout-9d6595d7 wp-block-columns-is-layout-flex\">\n<div class=\"wp-block-column is-layout-flow wp-block-column-is-layout-flow\">\n<p>Jag \u00e4r f\u00f6rbryllad \u00f6ver alla tweets, memes och s\u00e4gningar om att 2020 ska gl\u00f6mmas bort och att detta \u00e4r \u00e5ret som vi inte ska r\u00e4kna med. Jag ser v\u00e4nner p\u00e5 Instagram som l\u00e5ser in sig helt och menar att de sitter i karant\u00e4n, trots avsaknad av smitta eller symptom. Jag h\u00f6r bekanta prata om att det ska bli s\u00e5 sk\u00f6nt n\u00e4r det \u00e4r slut med \u201dlockdown\u201d. Kvar st\u00e5r jag som ett fr\u00e5getecken och undrar \u00f6ver vad det \u00e4r jag har missat.<\/p>\n\n\n\n<p>Sverige \u00e4r ett tydligt undantag j\u00e4mf\u00f6rt med andra l\u00e4nder kring vilken strategi som regering och myndigheter valt. R\u00e4tt eller fel, det \u00e5terst\u00e5r att se. Men faktum kvarst\u00e5r, vi har f\u00e5tt beh\u00e5lla v\u00e5r frihet att g\u00e5 ut n\u00e4r vi vill, ta en fika p\u00e5 en uteservering och handla i alla butiker som f\u00f6rblivit \u00f6ppna. D\u00e4rf\u00f6r blir jag konfundersam n\u00e4r man likst\u00e4ller v\u00e5r situation med Italien eller Spanien och skriver sin tweet om att \u00e5ret inte ska r\u00e4knas.<\/p>\n\n\n\n<p>M\u00e5nga jobbar hemifr\u00e5n, h\u00e5ller distans till riskgrupper, f\u00f6rbrukar osannolika m\u00e4ngder handsprit, utlandssemestern \u00e4r inst\u00e4lld, de stora sammankomsterna f\u00e5r v\u00e4nta och vi h\u00e5ller oss hemma vid symptom. Och visst har det f\u00e5tt otroliga konsekvenser. Men trots inst\u00e4lld klubbsommar och paketresa till Kreta s\u00e5 m\u00e5ste livet kunna f\u00e5 p\u00e5g\u00e5. \u00c5r 2020 m\u00e5ste r\u00e4knas \u00e4nd\u00e5.<\/p>\n\n\n\n<p>\u00c5r 2020 \u00e4r definitivt ett minst sagt annorlunda \u00e5r. Ett sv\u00e5rt \u00e5r som p\u00e5 m\u00e5nga s\u00e4tt skapat os\u00e4kerhet. Massor av f\u00f6retag har k\u00e4mpat i m\u00e5nader f\u00f6r att \u00f6verleva. M\u00e4nniskor har anstr\u00e4ngt sig till max f\u00f6r att h\u00e5lla sig kvar p\u00e5 arbetsmarknaden, och samtidigt kombinera hem och hemmakontor tillsammans med sambo, barn och husdjur. Man sl\u00e5r en extra signal till en farmor, tar ett st\u00f6rre kliv \u00e5t sidan p\u00e5 trottoaren och best\u00e4ller takeaway fr\u00e5n restaurangen p\u00e5 h\u00f6rnet. Det r\u00e4knas.<\/p>\n<\/div>\n\n\n\n<div class=\"wp-block-column is-layout-flow wp-block-column-is-layout-flow\">\n<p>Jag tror att det kommer bli sv\u00e5rt att g\u00e5 tillbaka till det samh\u00e4llet vi d\u00e5nade p\u00e5 med i 180km\/h innan pandemin slog till. Var det verkligen rimligt att ta ett m\u00f6te i London \u00f6ver dagen? Och kan man motivera dyra lokalhyror d\u00e4r alla anst\u00e4llda, kunder, och en trevlig lounge ryms? Var vi vid v\u00e5ra sinnes fulla bruk n\u00e4r vi tog 2\u20133 l\u00e4ngre resor och \u00e4nnu fler weekends om \u00e5ret? Jag tror inte det. <\/p>\n\n\n\n<p>Jag tror att den framtvingade f\u00f6r\u00e4ndringen som Covid-19 inneburit har skakat om oss och \u00e5tminstone delvis f\u00e5tt oss att inse att vi kommer fram tids nog, \u00e4ven om vi k\u00f6r i 70km\/h. Det pratas redan h\u00e4r och var fr\u00e5n f\u00f6retag som kommer att forts\u00e4tta erbjuda sina anst\u00e4llda att jobba med flexibel arbetsplats efter pandemin, samma typer av f\u00f6retag kommer forts\u00e4tta anv\u00e4nda Zoom, Google Hangout och Teams f\u00f6r att spara b\u00e5de tid, pengar och planet. Det r\u00e4knas.<\/p>\n\n\n\n<p>2020, \u00e5ret som st\u00e4llde allt p\u00e5 sin spets och v\u00e4nde upp och ner p\u00e5 livet. En pandemi som vi inte kunnat f\u00f6rutse och som drabbat oss alla. Men l\u00e5t oss \u00e5tminstone komma ih\u00e5g all den k\u00e4mpargl\u00f6d vi sett och alla anstr\u00e4ngningar som gjorts. Allt t\u00e5lamod, kapacitet och all f\u00f6r\u00e4ndringsben\u00e4genhet. Det ska vi inte gl\u00f6mma n\u00e4r vi kommer ut p\u00e5 andra sidan.<\/p>\n\n\n\n<p>\u00c5r 2020 m\u00e5ste definitivt r\u00e4knas.&nbsp;&nbsp;<\/p>\n\n\n\n<p><br><\/p>\n<\/div>\n<\/div>\n<\/section>\n\n\n\n<div class=\"wp-block-columns is-layout-flex wp-container-core-columns-is-layout-9d6595d7 wp-block-columns-is-layout-flex\">\n<div class=\"wp-block-column is-vertically-aligned-top is-style-default is-layout-flow wp-block-column-is-layout-flow\" style=\"flex-basis:100%\">\n<div class=\"wp-block-group is-layout-constrained wp-block-group-is-layout-constrained\">\n<h2 class=\"wp-block-heading has-text-align-center\" id=\"h-rekommenderade-inlagg\">Rekommenderade inl\u00e4gg <\/h2>\n<\/div>\n\n\n\n<div class=\"wp-block-columns is-layout-flex wp-container-core-columns-is-layout-9d6595d7 wp-block-columns-is-layout-flex\">\n<div class=\"wp-block-column is-layout-flow wp-block-column-is-layout-flow\" style=\"flex-basis:25%\"><\/div>\n\n\n\n<div class=\"wp-block-column is-layout-flow wp-block-column-is-layout-flow\" style=\"flex-basis:80%\">\n<style>\n    .rekai-newsarticle-article {\n      margin-top: 20px;\n      margin-left: 20px;\n      margin-right: 20px;\n      border: 2px solid;\n      border-color: #e2e2e2;\n      border-radius: 5px;\n      height: 240px;\n      background-color: white;\n   }\n   .rek-prediction a {\n      color: #7142E9;\n   }\n    h4.subheading {\n      margin-top: 10px;\n      padding-left: 10px;\n      padding-right: 10px;\n      padding-bottom: 10px;\n   }\n<\/style>\n\n<div class=\"rek-prediction\"id=\"news\"\n  data-selector=\"#news\"\n  data-nrofhits=\"3\"\n  data-renderstyle=\"advanced\"\n  data-showimage=\"true\"\n  data-cols=\"3\"\n\n  data-titleheadinglevel=\"4\"\n  data-titlemaxlength=\"80\"\n  data-titlefontclass=\"subheading\"\n \n  data-showingress=\"false\"\n><\/div>\n<\/div>\n\n\n\n<div class=\"wp-block-column is-layout-flow wp-block-column-is-layout-flow\" style=\"flex-basis:25%\"><\/div>\n<\/div>\n<\/div>\n<\/div>\n\n\n\n<div class=\"wp-block-coolcompany-separator is-style-has-shadow\"><svg width=\"100%\" viewBox=\"0 0 1600 60\" fill=\"none\" xmlns=\"https:\/\/www.w3.org\/2000\/svg\" aria-hidden=\"true\"><path fill=\"#f8f6fe\" d=\"M0 0L29.6667 1.75612C59.5 3.36587 118.833 6.87807 178 12C237.167 17.122 296.167 23.8537 355.333 22.6829C414.5 21.5122 473.833 12.1464 533.333 9.07319C592.833 5.85368 652.167 8.78051 711.333 11.2683C770.5 13.6098 829.5 15.6585 888.667 18.7317C947.833 21.9512 1007.17 26.3415 1066.67 27.8049C1126.17 29.2683 1185.5 27.8049 1244.67 23.7073C1303.83 19.4634 1362.83 12.7317 1422 8.34148C1481.17 3.95124 1540.5 1.90246 1570.33 1.02441L1600 0V60H1570.33C1540.5 60 1481.17 60 1422 60C1362.83 60 1303.83 60 1244.67 60C1185.5 60 1126.17 60 1066.67 60C1007.17 60 947.833 60 888.667 60C829.5 60 770.5 60 711.333 60C652.167 60 592.833 60 533.333 60C473.833 60 414.5 60 355.333 60C296.167 60 237.167 60 178 60C118.833 60 59.5 60 29.6667 60H0V0Z\"><\/path><\/svg><\/div>\n\n\n\n<section class=\"wp-block-coolcompany-section has-lighter-primary-background-color has-background has-lighter-primary-background-color has-background\">\n<div class=\"wp-block-columns is-style-columns2 is-layout-flex wp-container-core-columns-is-layout-9d6595d7 wp-block-columns-is-layout-flex\">\n<div class=\"wp-block-column is-style-larger-col is-layout-flow wp-block-column-is-layout-flow\">\n<h2 class=\"wp-block-heading\" id=\"h-om-bloggen\">Om bloggen<\/h2>\n\n\n\n<p>I den h\u00e4r bloggen delar Matilda Backelle, kommunikationsansvarig p\u00e5 Cool Company, med sig av tankar och funderingar kring projektekonomi, konsult- och frilansliv, arbetsmarknad och annat som h\u00f6r arbetslivet till.&nbsp; &nbsp; &nbsp;&nbsp;<\/p>\n<\/div>\n\n\n\n<div class=\"wp-block-column is-style-smaller-col is-layout-flow wp-block-column-is-layout-flow\">\n<div class=\"wp-block-coolcompany-maskedimage blob_mask_1\"><div class=\"gradient-background\" style=\"background:linear-gradient(45deg, #7142E9 0%, #BA37F9 100%)\"><\/div>\n<figure class=\"wp-block-image size-large\"><img decoding=\"async\" src=\"https:\/\/coolcompany.com\/se\/wp-content\/uploads\/sites\/2\/2023\/04\/Matilda-1024x1024.png\" alt=\"\" class=\"wp-image-11401\" srcset=\"https:\/\/coolcompany.com\/se\/wp-content\/uploads\/sites\/2\/2023\/04\/Matilda-1024x1024.png 1024w, https:\/\/coolcompany.com\/se\/wp-content\/uploads\/sites\/2\/2023\/04\/Matilda-300x300.png 300w, https:\/\/coolcompany.com\/se\/wp-content\/uploads\/sites\/2\/2023\/04\/Matilda-150x150.png 150w, https:\/\/coolcompany.com\/se\/wp-content\/uploads\/sites\/2\/2023\/04\/Matilda-768x768.png 768w, https:\/\/coolcompany.com\/se\/wp-content\/uploads\/sites\/2\/2023\/04\/Matilda-1536x1536.png 1536w, https:\/\/coolcompany.com\/se\/wp-content\/uploads\/sites\/2\/2023\/04\/Matilda-2048x2048.png 2048w, https:\/\/coolcompany.com\/se\/wp-content\/uploads\/sites\/2\/2023\/04\/Matilda-1080x1080.png 1080w, https:\/\/coolcompany.com\/se\/wp-content\/uploads\/sites\/2\/2023\/04\/Matilda-1280x1280.png 1280w, https:\/\/coolcompany.com\/se\/wp-content\/uploads\/sites\/2\/2023\/04\/Matilda-980x980.png 980w, https:\/\/coolcompany.com\/se\/wp-content\/uploads\/sites\/2\/2023\/04\/Matilda-480x480.png 480w\" sizes=\"(max-width: 1024px) 100vw, 1024px\" \/><\/figure>\n<\/div>\n<\/div>\n<\/div>\n<\/section>\n","protected":false},"excerpt":{"rendered":"<p>\u00c5r 2020, ett m\u00e4rkligt \u00e5r som st\u00e4llde allt p\u00e5 sin spets. Men ett \u00e5r som m\u00e5ste r\u00e4knas. Alla v\u00e5ra anstr\u00e4ngningar m\u00e5ste r\u00e4knas. <\/p>\n","protected":false},"featured_media":3256,"template":"singular.php","categories":[],"tags":[4837],"class_list":["post-5905","blog","type-blog","status-publish","has-post-thumbnail","hentry","tag-blogg"],"yoast_head":"<!-- This site is optimized with the Yoast SEO Premium plugin v25.2 (Yoast SEO v27.0) - https:\/\/yoast.com\/product\/yoast-seo-premium-wordpress\/ -->\n<title>\u00c5r 2020 m\u00e5ste definitivt r\u00e4knas - Cool Company<\/title>\n<meta name=\"description\" content=\"Jag tror att det kommer bli sv\u00e5rt att g\u00e5 tillbaka till det samh\u00e4llet vi d\u00e5nade p\u00e5 med i 180km\/h innan pandemin slog till.\" \/>\n<meta name=\"robots\" content=\"index, follow, max-snippet:-1, max-image-preview:large, max-video-preview:-1\" \/>\n<link rel=\"canonical\" href=\"https:\/\/coolcompany.com\/se\/blog\/ar-2020-maste-definitivt-raknas\/\" \/>\n<meta property=\"og:locale\" content=\"sv_SE\" \/>\n<meta property=\"og:type\" content=\"article\" \/>\n<meta property=\"og:title\" content=\"\u00c5r 2020 m\u00e5ste definitivt r\u00e4knas\" \/>\n<meta property=\"og:description\" content=\"Jag tror att det kommer bli sv\u00e5rt att g\u00e5 tillbaka till det samh\u00e4llet vi d\u00e5nade p\u00e5 med i 180km\/h innan pandemin slog till.\" \/>\n<meta property=\"og:url\" content=\"https:\/\/coolcompany.com\/se\/blog\/ar-2020-maste-definitivt-raknas\/\" \/>\n<meta property=\"og:site_name\" content=\"Cool Company Sverige\" \/>\n<meta property=\"article:modified_time\" content=\"2024-04-16T13:27:10+00:00\" \/>\n<meta property=\"og:image\" content=\"https:\/\/coolcompany.com\/se\/wp-content\/uploads\/sites\/2\/2020\/03\/allef-vinicius-3TSyMrZj5ik-unsplash-scaled-1.jpg\" \/>\n\t<meta property=\"og:image:width\" content=\"2560\" \/>\n\t<meta property=\"og:image:height\" content=\"1707\" \/>\n\t<meta property=\"og:image:type\" content=\"image\/jpeg\" \/>\n<meta name=\"twitter:card\" content=\"summary_large_image\" \/>\n<meta name=\"twitter:label1\" content=\"Ber\u00e4knad l\u00e4stid\" \/>\n\t<meta name=\"twitter:data1\" content=\"3 minuter\" \/>\n<script type=\"application\/ld+json\" class=\"yoast-schema-graph\">{\"@context\":\"https:\/\/schema.org\",\"@graph\":[{\"@type\":\"WebPage\",\"@id\":\"https:\/\/coolcompany.com\/se\/blog\/ar-2020-maste-definitivt-raknas\/\",\"url\":\"https:\/\/coolcompany.com\/se\/blog\/ar-2020-maste-definitivt-raknas\/\",\"name\":\"\u00c5r 2020 m\u00e5ste definitivt r\u00e4knas - Cool Company\",\"isPartOf\":{\"@id\":\"https:\/\/coolcompany.com\/se\/#website\"},\"primaryImageOfPage\":{\"@id\":\"https:\/\/coolcompany.com\/se\/blog\/ar-2020-maste-definitivt-raknas\/#primaryimage\"},\"image\":{\"@id\":\"https:\/\/coolcompany.com\/se\/blog\/ar-2020-maste-definitivt-raknas\/#primaryimage\"},\"thumbnailUrl\":\"https:\/\/coolcompany.com\/se\/wp-content\/uploads\/sites\/2\/2020\/03\/allef-vinicius-3TSyMrZj5ik-unsplash-scaled-1.jpg\",\"datePublished\":\"2020-05-29T13:06:35+00:00\",\"dateModified\":\"2024-04-16T13:27:10+00:00\",\"description\":\"Jag tror att det kommer bli sv\u00e5rt att g\u00e5 tillbaka till det samh\u00e4llet vi d\u00e5nade p\u00e5 med i 180km\/h innan pandemin slog till.\",\"breadcrumb\":{\"@id\":\"https:\/\/coolcompany.com\/se\/blog\/ar-2020-maste-definitivt-raknas\/#breadcrumb\"},\"inLanguage\":\"sv-SE\",\"potentialAction\":[{\"@type\":\"ReadAction\",\"target\":[\"https:\/\/coolcompany.com\/se\/blog\/ar-2020-maste-definitivt-raknas\/\"]}]},{\"@type\":\"ImageObject\",\"inLanguage\":\"sv-SE\",\"@id\":\"https:\/\/coolcompany.com\/se\/blog\/ar-2020-maste-definitivt-raknas\/#primaryimage\",\"url\":\"https:\/\/coolcompany.com\/se\/wp-content\/uploads\/sites\/2\/2020\/03\/allef-vinicius-3TSyMrZj5ik-unsplash-scaled-1.jpg\",\"contentUrl\":\"https:\/\/coolcompany.com\/se\/wp-content\/uploads\/sites\/2\/2020\/03\/allef-vinicius-3TSyMrZj5ik-unsplash-scaled-1.jpg\",\"width\":2560,\"height\":1707},{\"@type\":\"BreadcrumbList\",\"@id\":\"https:\/\/coolcompany.com\/se\/blog\/ar-2020-maste-definitivt-raknas\/#breadcrumb\",\"itemListElement\":[{\"@type\":\"ListItem\",\"position\":1,\"name\":\"Blog\",\"item\":\"https:\/\/coolcompany.com\/se\/blog\/\"},{\"@type\":\"ListItem\",\"position\":2,\"name\":\"\u00c5r 2020 m\u00e5ste definitivt r\u00e4knas\"}]},{\"@type\":\"WebSite\",\"@id\":\"https:\/\/coolcompany.com\/se\/#website\",\"url\":\"https:\/\/coolcompany.com\/se\/\",\"name\":\"Cool Company Sverige\",\"description\":\"Fakturera utan f\u00f6retag\",\"publisher\":{\"@id\":\"https:\/\/coolcompany.com\/se\/#organization\"},\"potentialAction\":[{\"@type\":\"SearchAction\",\"target\":{\"@type\":\"EntryPoint\",\"urlTemplate\":\"https:\/\/coolcompany.com\/se\/?s={search_term_string}\"},\"query-input\":{\"@type\":\"PropertyValueSpecification\",\"valueRequired\":true,\"valueName\":\"search_term_string\"}}],\"inLanguage\":\"sv-SE\"},{\"@type\":\"Organization\",\"@id\":\"https:\/\/coolcompany.com\/se\/#organization\",\"name\":\"Cool Company\",\"url\":\"https:\/\/coolcompany.com\/se\/\",\"logo\":{\"@type\":\"ImageObject\",\"inLanguage\":\"sv-SE\",\"@id\":\"https:\/\/coolcompany.com\/se\/#\/schema\/logo\/image\/\",\"url\":\"https:\/\/coolcompany.com\/se\/wp-content\/uploads\/sites\/2\/2020\/01\/cc-logotype-horizontal.svg\",\"contentUrl\":\"https:\/\/coolcompany.com\/se\/wp-content\/uploads\/sites\/2\/2020\/01\/cc-logotype-horizontal.svg\",\"width\":\"1024\",\"height\":\"1024\",\"caption\":\"Cool Company\"},\"image\":{\"@id\":\"https:\/\/coolcompany.com\/se\/#\/schema\/logo\/image\/\"}}]}<\/script>\n<!-- \/ Yoast SEO Premium plugin. -->","yoast_head_json":{"title":"\u00c5r 2020 m\u00e5ste definitivt r\u00e4knas - Cool Company","description":"Jag tror att det kommer bli sv\u00e5rt att g\u00e5 tillbaka till det samh\u00e4llet vi d\u00e5nade p\u00e5 med i 180km\/h innan pandemin slog till.","robots":{"index":"index","follow":"follow","max-snippet":"max-snippet:-1","max-image-preview":"max-image-preview:large","max-video-preview":"max-video-preview:-1"},"canonical":"https:\/\/coolcompany.com\/se\/blog\/ar-2020-maste-definitivt-raknas\/","og_locale":"sv_SE","og_type":"article","og_title":"\u00c5r 2020 m\u00e5ste definitivt r\u00e4knas","og_description":"Jag tror att det kommer bli sv\u00e5rt att g\u00e5 tillbaka till det samh\u00e4llet vi d\u00e5nade p\u00e5 med i 180km\/h innan pandemin slog till.","og_url":"https:\/\/coolcompany.com\/se\/blog\/ar-2020-maste-definitivt-raknas\/","og_site_name":"Cool Company Sverige","article_modified_time":"2024-04-16T13:27:10+00:00","og_image":[{"width":2560,"height":1707,"url":"https:\/\/coolcompany.com\/se\/wp-content\/uploads\/sites\/2\/2020\/03\/allef-vinicius-3TSyMrZj5ik-unsplash-scaled-1.jpg","type":"image\/jpeg"}],"twitter_card":"summary_large_image","twitter_misc":{"Ber\u00e4knad l\u00e4stid":"3 minuter"},"schema":{"@context":"https:\/\/schema.org","@graph":[{"@type":"WebPage","@id":"https:\/\/coolcompany.com\/se\/blog\/ar-2020-maste-definitivt-raknas\/","url":"https:\/\/coolcompany.com\/se\/blog\/ar-2020-maste-definitivt-raknas\/","name":"\u00c5r 2020 m\u00e5ste definitivt r\u00e4knas - Cool Company","isPartOf":{"@id":"https:\/\/coolcompany.com\/se\/#website"},"primaryImageOfPage":{"@id":"https:\/\/coolcompany.com\/se\/blog\/ar-2020-maste-definitivt-raknas\/#primaryimage"},"image":{"@id":"https:\/\/coolcompany.com\/se\/blog\/ar-2020-maste-definitivt-raknas\/#primaryimage"},"thumbnailUrl":"https:\/\/coolcompany.com\/se\/wp-content\/uploads\/sites\/2\/2020\/03\/allef-vinicius-3TSyMrZj5ik-unsplash-scaled-1.jpg","datePublished":"2020-05-29T13:06:35+00:00","dateModified":"2024-04-16T13:27:10+00:00","description":"Jag tror att det kommer bli sv\u00e5rt att g\u00e5 tillbaka till det samh\u00e4llet vi d\u00e5nade p\u00e5 med i 180km\/h innan pandemin slog till.","breadcrumb":{"@id":"https:\/\/coolcompany.com\/se\/blog\/ar-2020-maste-definitivt-raknas\/#breadcrumb"},"inLanguage":"sv-SE","potentialAction":[{"@type":"ReadAction","target":["https:\/\/coolcompany.com\/se\/blog\/ar-2020-maste-definitivt-raknas\/"]}]},{"@type":"ImageObject","inLanguage":"sv-SE","@id":"https:\/\/coolcompany.com\/se\/blog\/ar-2020-maste-definitivt-raknas\/#primaryimage","url":"https:\/\/coolcompany.com\/se\/wp-content\/uploads\/sites\/2\/2020\/03\/allef-vinicius-3TSyMrZj5ik-unsplash-scaled-1.jpg","contentUrl":"https:\/\/coolcompany.com\/se\/wp-content\/uploads\/sites\/2\/2020\/03\/allef-vinicius-3TSyMrZj5ik-unsplash-scaled-1.jpg","width":2560,"height":1707},{"@type":"BreadcrumbList","@id":"https:\/\/coolcompany.com\/se\/blog\/ar-2020-maste-definitivt-raknas\/#breadcrumb","itemListElement":[{"@type":"ListItem","position":1,"name":"Blog","item":"https:\/\/coolcompany.com\/se\/blog\/"},{"@type":"ListItem","position":2,"name":"\u00c5r 2020 m\u00e5ste definitivt r\u00e4knas"}]},{"@type":"WebSite","@id":"https:\/\/coolcompany.com\/se\/#website","url":"https:\/\/coolcompany.com\/se\/","name":"Cool Company Sverige","description":"Fakturera utan f\u00f6retag","publisher":{"@id":"https:\/\/coolcompany.com\/se\/#organization"},"potentialAction":[{"@type":"SearchAction","target":{"@type":"EntryPoint","urlTemplate":"https:\/\/coolcompany.com\/se\/?s={search_term_string}"},"query-input":{"@type":"PropertyValueSpecification","valueRequired":true,"valueName":"search_term_string"}}],"inLanguage":"sv-SE"},{"@type":"Organization","@id":"https:\/\/coolcompany.com\/se\/#organization","name":"Cool Company","url":"https:\/\/coolcompany.com\/se\/","logo":{"@type":"ImageObject","inLanguage":"sv-SE","@id":"https:\/\/coolcompany.com\/se\/#\/schema\/logo\/image\/","url":"https:\/\/coolcompany.com\/se\/wp-content\/uploads\/sites\/2\/2020\/01\/cc-logotype-horizontal.svg","contentUrl":"https:\/\/coolcompany.com\/se\/wp-content\/uploads\/sites\/2\/2020\/01\/cc-logotype-horizontal.svg","width":"1024","height":"1024","caption":"Cool Company"},"image":{"@id":"https:\/\/coolcompany.com\/se\/#\/schema\/logo\/image\/"}}]}},"lang":"sv","translations":{"sv":5905},"pll_sync_post":[],"_links":{"self":[{"href":"https:\/\/coolcompany.com\/se\/wp-json\/wp\/v2\/blog\/5905","targetHints":{"allow":["GET"]}}],"collection":[{"href":"https:\/\/coolcompany.com\/se\/wp-json\/wp\/v2\/blog"}],"about":[{"href":"https:\/\/coolcompany.com\/se\/wp-json\/wp\/v2\/types\/blog"}],"wp:featuredmedia":[{"embeddable":true,"href":"https:\/\/coolcompany.com\/se\/wp-json\/wp\/v2\/media\/3256"}],"wp:attachment":[{"href":"https:\/\/coolcompany.com\/se\/wp-json\/wp\/v2\/media?parent=5905"}],"wp:term":[{"taxonomy":"category","embeddable":true,"href":"https:\/\/coolcompany.com\/se\/wp-json\/wp\/v2\/categories?post=5905"},{"taxonomy":"post_tag","embeddable":true,"href":"https:\/\/coolcompany.com\/se\/wp-json\/wp\/v2\/tags?post=5905"}],"curies":[{"name":"wp","href":"https:\/\/api.w.org\/{rel}","templated":true}]}}